{"id":1354,"__str__":"Projeto de Lei Legislativo n\u00ba 9 de 2020","link_detail_backend":"/materia/1354","metadata":{},"numero":9,"ano":2020,"numero_protocolo":86,"data_apresentacao":"2020-11-25","tipo_apresentacao":"E","data_publicacao":null,"numero_origem_externa":"","ano_origem_externa":null,"data_origem_externa":null,"apelido":"","dias_prazo":null,"data_fim_prazo":null,"em_tramitacao":false,"polemica":false,"objeto":"","complementar":false,"ementa":"Projeto de Lei Legislativa N\u00ba 09/20 - Disp\u00f5e sobre a reserva de vagas para pessoa com defici\u00eancia em concurso p\u00fablico no \u00e2mbito da C\u00e2mara Municipal de Tr\u00eas Passos.","indexacao":"concurso p\u00fablico; vagas; deficiente; defici\u00eancia.","observacao":"","resultado":"","texto_original":"http://sapl.trespassos.rs.leg.br/media/sapl/public/materialegislativa/2020/1354/proj_lei_legis__00920_-_reserva_vagas_-_concurso_-_pessoas_com_deficiencia.docx","data_ultima_atualizacao":"2020-12-09T10:15:04.471600-03:00","ip":"177.190.123.42","ultima_edicao":"2020-11-25T10:45:20.133306-03:00","tipo":13,"regime_tramitacao":1,"tipo_origem_externa":null,"local_origem_externa":null,"user":46,"anexadas":[],"autores":[25]}