{"id":2029,"__str__":"Indica\u00e7\u00e3o n\u00ba 15 de 2022","link_detail_backend":"/materia/2029","metadata":{},"numero":15,"ano":2022,"numero_protocolo":null,"data_apresentacao":"2022-03-17","tipo_apresentacao":"E","data_publicacao":null,"numero_origem_externa":"","ano_origem_externa":null,"data_origem_externa":null,"apelido":"","dias_prazo":null,"data_fim_prazo":null,"em_tramitacao":true,"polemica":false,"objeto":"","complementar":false,"ementa":"Sugere a instala\u00e7\u00e3o de uma parada de \u00f4nibus na Av. Perimetral, nas proximidades do pr\u00e9dio n\u00ba 2313 e da Hidr\u00e1ulica Carvalho, para que as crian\u00e7as que aguardam o transporte escolar n\u00e3o fiquem expostas ao tempo, principalmente durante a esta\u00e7\u00e3o do inverno (frio e chuva).","indexacao":"","observacao":"","resultado":"","texto_original":"http://sapl.trespassos.rs.leg.br/media/sapl/public/materialegislativa/2022/2029/indicacao_152022_-_parada_de_onibus_perimetral.docx","data_ultima_atualizacao":"2022-03-23T14:42:41.313465-03:00","ip":"177.190.123.42","ultima_edicao":"2022-03-17T09:22:15.375348-03:00","tipo":8,"regime_tramitacao":1,"tipo_origem_externa":null,"local_origem_externa":null,"user":46,"anexadas":[],"autores":[55,10,33,29,56,46]}