{"id":2498,"__str__":"Indica\u00e7\u00e3o n\u00ba 15 de 2023","link_detail_backend":"/materia/2498","metadata":{},"numero":15,"ano":2023,"numero_protocolo":null,"data_apresentacao":"2023-02-28","tipo_apresentacao":"E","data_publicacao":null,"numero_origem_externa":"","ano_origem_externa":null,"data_origem_externa":null,"apelido":"","dias_prazo":null,"data_fim_prazo":null,"em_tramitacao":true,"polemica":false,"objeto":"","complementar":false,"ementa":"Sugere o envio a esta Casa Legislativa de projeto de lei versando sobre a institui\u00e7\u00e3o do Dia do Artes\u00e3o e a Semana Municipal do Artesanato no calend\u00e1rio de Comemora\u00e7\u00f5es Oficiais do Munic\u00edpio de Tr\u00eas Passos/RS.","indexacao":"","observacao":"","resultado":"","texto_original":"http://sapl.trespassos.rs.leg.br/media/sapl/public/materialegislativa/2023/2498/indicacao_152023_-_dia_do_artesao.docx","data_ultima_atualizacao":"2023-03-07T16:49:51.096482-03:00","ip":"177.190.123.42","ultima_edicao":"2023-03-01T16:42:44.653889-03:00","tipo":8,"regime_tramitacao":1,"tipo_origem_externa":null,"local_origem_externa":null,"user":46,"anexadas":[],"autores":[53,59,17,13,37]}