{"id":6275,"__str__":"Indica\u00e7\u00e3o n\u00ba 9 de 2026","link_detail_backend":"/materia/6275","metadata":{},"numero":9,"ano":2026,"numero_protocolo":null,"data_apresentacao":"2026-03-03","tipo_apresentacao":"E","data_publicacao":null,"numero_origem_externa":"","ano_origem_externa":null,"data_origem_externa":null,"apelido":"","dias_prazo":null,"data_fim_prazo":null,"em_tramitacao":true,"polemica":false,"objeto":"","complementar":false,"ementa":"Sugere ao Poder Executivo a substitui\u00e7\u00e3o da areia da pracinha localizada na Pra\u00e7a Reneu Mertz, visando \u00e0 melhoria das condi\u00e7\u00f5es de higiene e seguran\u00e7a do espa\u00e7o p\u00fablico.","indexacao":"","observacao":"","resultado":"","texto_original":"http://sapl.trespassos.rs.leg.br/media/sapl/public/materialegislativa/2026/6275/indicacao_0092026_-_troca_de_areia_praca_reneu_mertz.docx","data_ultima_atualizacao":"2026-03-10T17:39:45.605601-03:00","ip":"177.190.123.42","ultima_edicao":"2026-03-03T10:28:00.382224-03:00","tipo":8,"regime_tramitacao":1,"tipo_origem_externa":null,"local_origem_externa":null,"user":44,"anexadas":[],"autores":[33,67,56]}