{"id":10468,"__str__":"Projeto de Lei Ordin\u00e1ria n\u00ba 21 de 2023 | Proposi\u00e7\u00e3o inclu\u00edda na Ordem do Dia para discuss\u00e3o pr\u00e9via | 03/03/2023","link_detail_backend":"/materia/tramitacao/10468","metadata":{},"timestamp":"2023-03-03T09:29:51.873157-03:00","data_tramitacao":"2023-03-03","data_encaminhamento":null,"urgente":false,"turno":"","texto":"Para a sess\u00e3o do dia 6/3/2023.","data_fim_prazo":null,"ip":"177.190.123.42","ultima_edicao":"2023-03-03T09:29:51.219393-03:00","status":75,"materia":2484,"unidade_tramitacao_local":15,"unidade_tramitacao_destino":1,"user":46}