{"id":11463,"__str__":"Requerimento n\u00ba 21 de 2023 | Proposi\u00e7\u00e3o inclu\u00edda no Expediente para ser lida | 02/06/2023","link_detail_backend":"/materia/tramitacao/11463","metadata":{},"timestamp":"2023-06-02T09:29:53.150353-03:00","data_tramitacao":"2023-06-02","data_encaminhamento":null,"urgente":false,"turno":"","texto":"Para a sess\u00e3o do dia 5/6/23.","data_fim_prazo":null,"ip":"177.190.123.42","ultima_edicao":"2023-06-02T09:29:52.681314-03:00","status":73,"materia":3114,"unidade_tramitacao_local":15,"unidade_tramitacao_destino":1,"user":46}