{"id":11490,"__str__":"Requerimento n\u00ba 20 de 2023 | Proposi\u00e7\u00e3o aprovada | 05/06/2023","link_detail_backend":"/materia/tramitacao/11490","metadata":{},"timestamp":"2023-06-06T09:55:24.398361-03:00","data_tramitacao":"2023-06-05","data_encaminhamento":null,"urgente":false,"turno":"","texto":"Ap\u00f3s ter sido dado conhecimento ao Plen\u00e1rio do requerimento e do atestado m\u00e9dico, fica deferida a justificativa de aus\u00eancia da sess\u00e3o.","data_fim_prazo":null,"ip":"177.190.123.42","ultima_edicao":"2023-06-06T09:55:24.364204-03:00","status":9,"materia":3113,"unidade_tramitacao_local":15,"unidade_tramitacao_destino":12,"user":46}