{"id":16767,"__str__":"Requerimento n\u00ba 21 de 2025 | Proposi\u00e7\u00e3o aprovada | 01/07/2025","link_detail_backend":"/materia/tramitacao/16767","metadata":{},"timestamp":"2025-07-01T10:09:42.661971-03:00","data_tramitacao":"2025-07-01","data_encaminhamento":null,"urgente":false,"turno":"","texto":"Justificada a aus\u00eancia do vereador Sandro Radaelli da sess\u00e3o ordin\u00e1ria do dia 23/6/2025.","data_fim_prazo":null,"ip":"177.190.123.42","ultima_edicao":"2025-07-01T10:08:57.219440-03:00","status":9,"materia":6025,"unidade_tramitacao_local":15,"unidade_tramitacao_destino":12,"user":46}