{"id":2463,"__str__":"Projeto de Lei Ordin\u00e1ria n\u00ba 2 de 2019 | Proposi\u00e7\u00e3o apresentada em Plen\u00e1rio | 18/01/2019","link_detail_backend":"/materia/tramitacao/2463","metadata":{},"timestamp":"2019-01-18T09:30:14.871972-02:00","data_tramitacao":"2019-01-18","data_encaminhamento":null,"urgente":false,"turno":"","texto":"Projeto ser\u00e1 lido na sess\u00e3o plen\u00e1ria extraordin\u00e1ria convocada para o dia 21-1-19, \u00e0s 11h30min.","data_fim_prazo":null,"ip":"","ultima_edicao":null,"status":28,"materia":983,"unidade_tramitacao_local":6,"unidade_tramitacao_destino":1,"user":null}