{"id":2481,"__str__":"Projeto de Lei Ordin\u00e1ria n\u00ba 2 de 2019 | Proposi\u00e7\u00e3o inclusa na Ordem do Dia para ser votada | 24/01/2019","link_detail_backend":"/materia/tramitacao/2481","metadata":{},"timestamp":"2019-01-24T12:09:11.375874-02:00","data_tramitacao":"2019-01-24","data_encaminhamento":null,"urgente":false,"turno":"","texto":"Recebida mensagem retificativa do Executivo Municipal, conforme orienta\u00e7\u00e3o t\u00e9cnica. Projeto inclu\u00eddo na Ordem do Dia da sess\u00e3o plen\u00e1ria extraordin\u00e1ria convocada para o dia 25-1-19, \u00e0s 11h, para ser votado.","data_fim_prazo":null,"ip":"","ultima_edicao":null,"status":3,"materia":983,"unidade_tramitacao_local":6,"unidade_tramitacao_destino":1,"user":null}