{"id":3700,"__str__":"Parecer Pr\u00e9vio do Tribunal de Contas n\u00ba 2 de 2019 | Proposi\u00e7\u00e3o inclusa na Ordem do Dia para ser votada | 07/07/2020","link_detail_backend":"/materia/tramitacao/3700","metadata":{},"timestamp":"2020-07-07T10:10:21.521743-03:00","data_tramitacao":"2020-07-07","data_encaminhamento":null,"urgente":false,"turno":"","texto":"Proposi\u00e7\u00e3o inclu\u00edda na Ordem do Dia da sess\u00e3o plen\u00e1ria ordin\u00e1ria do dia 11-5-2020, para ser votada (projeto de decreto legislativo n\u00ba 1/20).","data_fim_prazo":null,"ip":"177.190.123.42","ultima_edicao":null,"status":3,"materia":1215,"unidade_tramitacao_local":6,"unidade_tramitacao_destino":1,"user":46}